{"id":276,"date":"2021-08-03T09:24:50","date_gmt":"2021-08-03T07:24:50","guid":{"rendered":"https:\/\/www.kopfkino-podcast.de\/?p=276"},"modified":"2022-02-08T09:52:39","modified_gmt":"2022-02-08T08:52:39","slug":"flamingos-vielleicht-einhoerner-oder-eine-obergrenze-fuer-reichtum-von-mehdi-moradpour","status":"publish","type":"post","link":"https:\/\/www.kopfkino-podcast.de\/?p=276","title":{"rendered":"&#8222;Flamingos. Vielleicht Einh\u00f6rner oder Eine Obergrenze f\u00fcr Reichtum)&#8220; von Mehdi Moradpour"},"content":{"rendered":"\n<iframe loading=\"lazy\" src=\"https:\/\/player.acast.com\/horchx\/episodes\/kopfkino-15\" frameborder=\"0\" width=\"100%\" height=\"110px\" allow=\"autoplay\"><\/iframe>\n\n\n\n<p><\/p>\n\n\n\n<p>Die <em><strong>FOLGE #15 Flamingos. Vielleicht Einh\u00f6rner <\/strong><\/em>ist ab dem 2. August 2021 um 20h00 als Online Stream zu h\u00f6ren.<\/p>\n\n\n\n<p>Es kommen immer mehr dazu<\/p>\n\n\n\n<p>neue K\u00f6pfe, R\u00fcmpfe, H\u00e4nde und Geb\u00e4rden<\/p>\n\n\n\n<p>bilden Reihen und schreiten in Richtung Fr\u00fchlingsanlagen &#8211;<\/p>\n\n\n\n<p>Die Stadt w\u00e4chst und mit ihr die Frage:<\/p>\n\n\n\n<p>Braucht es eine Obergrenze f\u00fcr Reichtum?<\/p>\n\n\n\n<p>Hat irgendwer eine Idee?<\/p>\n\n\n\n<p>Irgendwer?<\/p>\n\n\n\n<p>Medhi Moradpour l\u00e4dt ein zum Morgenmagazin &#8222;Schiffbruch mit Zebra\u201c live aus dem Open Air Studio auf der Weideninsel &#8211; der gro\u00dfen! Es geht um &#8211; wie letzte Woche schon angek\u00fcndigt \u2013 Reichtum. Und am Mikrophon wie immer Eure Zebra!<\/p>\n\n\n\n<p>Inspiriert von, frei zitiert nach und danke an Hannah Arendt, Forugh Farrochzad, Donatela Di Cesare, Rainer Hank, Christian M\u00f6ller, Martin Sch\u00fcrz, Michel Serres, Max Stirner, Slavoj \u017di\u017eek.<\/p>\n\n\n\t\t<div id=\"wpmapblock_0\" data-settings='{&quot;map_marker&quot;:[{&quot;lat&quot;:&quot;48.1240896&quot;,&quot;lng&quot;:&quot;11.570906&quot;,&quot;title&quot;:&quot;Folge #15: FLAMINGOS. VIELLEICHT EINH\\u00d6RNER ODER EINE OBERGRENZE F\\u00dcR REICHTUM&quot;,&quot;content&quot;:&quot;von Mehdi Moradpour&quot;,&quot;iconType&quot;:&quot;default&quot;,&quot;customIconUrl&quot;:&quot;&quot;,&quot;customIconWidth&quot;:&quot;25&quot;,&quot;customIconHeight&quot;:&quot;40&quot;}],&quot;map_zoom&quot;:&quot;16&quot;,&quot;scroll_wheel_zoom&quot;:false,&quot;map_type&quot;:&quot;OSM&quot;,&quot;center_index&quot;:0}' class=\"wpmapblockrender\" style=\"\n\t\t\twidth: 100%;\n\t\t\theight: 250px;\n\t\t\"><\/div>\n        \n\n\n<p><\/p>\n\n\n\n<p><strong>Mehdi Moradpour<\/strong> wuchs als Sohn aserbaidschanischer Eltern in Teheran auf. Er studierte Physik und Industrietechnik im Iran. 2001 brach er sein Studium ab und kam nach Deutschland. Nach dem Erlernen der deutschen Sprache und dem Absolvieren einer technischen Fortbildung studierte er ab 2004 Hispanistik, Soziologie, Amerikanistik und Arabistik in Leipzig und Havanna. Er war in verschiedenen Funktionen in der freien Theaterszene in Leipzig und Berlin t\u00e4tig und schrieb journalistische Beitr\u00e4ge \u00fcber Theater und Kultur.<\/p>\n\n\n\n<p>Moradpour ist ein vielfach ausgezeichneter Autor.[4] Seine Theaterst\u00fccke wurden mehrfach \u00fcbersetzt.Er arbeitet als Autor, Dolmetscher und \u00dcbersetzer f\u00fcr Persisch (Farsi\/Dari) und Spanisch. Seit der Spielzeit 2020\/2021 arbeitet Mehdi Moradpour als Dramaturg an den M\u00fcnchner Kammerspielen.<\/p>\n\n\n\n<p><strong>TEAM<\/strong><\/p>\n\n\n\n<p><strong>Konzept und Umsetzung:<\/strong> Henriette Fridoline Schmidt<\/p>\n\n\n\n<p><strong>Als Gaststimmen: <\/strong>Mehdi Moradpour, Benno Heisel<\/p>\n\n\n\n<p><strong>Sound &amp; Bearbeitung:<\/strong> Benno Heisel<\/p>\n\n\n\n<p><strong>Produktionsleitung: <\/strong>Lisa Risch, Rat&amp;Tat Kulturb\u00fcro<\/p>\n\n\n\n<p><strong>\u00d6ffentlichkeitsarbeit:<\/strong> Mandana Mansouri<\/p>\n\n\n\n<p><strong>Technische Einrichtung und Soundberatung:<\/strong> Willy L\u00f6ster<\/p>\n\n\n\n<p><strong>K\u00f6pfe, Texte &amp; Wege 2020\/2021:<\/strong> Kathrin Diehl, Benno Heisel, Sophia Klimanek, Jan Geiger, Gerlinde Geller, Lisa Samia H\u00f6gg, Emre Akal, Franz Furtner, Theresa Seraphin, Nora Zapf, Mira Mann,Mehdi Moradpour, Lea Herman, Jule Ronstedt, Raphaela Bardutzky, Christine Umpfenbach<\/p>\n","protected":false},"excerpt":{"rendered":"<div class=\"entry-summary\">\nDie FOLGE #15 Flamingos. Vielleicht Einh\u00f6rner ist ab dem 2. August 2021 um 20h00 als Online Stream zu h\u00f6ren. Es kommen immer mehr dazu neue K\u00f6pfe, R\u00fcmpfe, H\u00e4nde und Geb\u00e4rden bilden Reihen und schreiten in Richtung Fr\u00fchlingsanlagen &#8211; Die Stadt w\u00e4chst und mit ihr die Frage: Braucht es eine Obergrenze f\u00fcr Reichtum? Hat irgendwer eine&hellip;\n<\/div>\n<div class=\"link-more\"><a href=\"https:\/\/www.kopfkino-podcast.de\/?p=276\" class=\"more-link\">Continue reading<span class=\"screen-reader-text\"> &ldquo;&#8222;Flamingos. Vielleicht Einh\u00f6rner oder Eine Obergrenze f\u00fcr Reichtum)&#8220; von Mehdi Moradpour&rdquo;<\/span>&hellip;<\/a><\/div>\n","protected":false},"author":3,"featured_media":277,"comment_status":"closed","ping_status":"closed","sticky":false,"template":"","format":"standard","meta":{"footnotes":""},"categories":[1],"tags":[],"class_list":["post-276","post","type-post","status-publish","format-standard","has-post-thumbnail","hentry","category-allgemein","entry"],"_links":{"self":[{"href":"https:\/\/www.kopfkino-podcast.de\/index.php?rest_route=\/wp\/v2\/posts\/276","targetHints":{"allow":["GET"]}}],"collection":[{"href":"https:\/\/www.kopfkino-podcast.de\/index.php?rest_route=\/wp\/v2\/posts"}],"about":[{"href":"https:\/\/www.kopfkino-podcast.de\/index.php?rest_route=\/wp\/v2\/types\/post"}],"author":[{"embeddable":true,"href":"https:\/\/www.kopfkino-podcast.de\/index.php?rest_route=\/wp\/v2\/users\/3"}],"replies":[{"embeddable":true,"href":"https:\/\/www.kopfkino-podcast.de\/index.php?rest_route=%2Fwp%2Fv2%2Fcomments&post=276"}],"version-history":[{"count":4,"href":"https:\/\/www.kopfkino-podcast.de\/index.php?rest_route=\/wp\/v2\/posts\/276\/revisions"}],"predecessor-version":[{"id":475,"href":"https:\/\/www.kopfkino-podcast.de\/index.php?rest_route=\/wp\/v2\/posts\/276\/revisions\/475"}],"wp:featuredmedia":[{"embeddable":true,"href":"https:\/\/www.kopfkino-podcast.de\/index.php?rest_route=\/wp\/v2\/media\/277"}],"wp:attachment":[{"href":"https:\/\/www.kopfkino-podcast.de\/index.php?rest_route=%2Fwp%2Fv2%2Fmedia&parent=276"}],"wp:term":[{"taxonomy":"category","embeddable":true,"href":"https:\/\/www.kopfkino-podcast.de\/index.php?rest_route=%2Fwp%2Fv2%2Fcategories&post=276"},{"taxonomy":"post_tag","embeddable":true,"href":"https:\/\/www.kopfkino-podcast.de\/index.php?rest_route=%2Fwp%2Fv2%2Ftags&post=276"}],"curies":[{"name":"wp","href":"https:\/\/api.w.org\/{rel}","templated":true}]}}